{"id":460,"date":"2015-12-29T14:01:48","date_gmt":"2015-12-29T13:01:48","guid":{"rendered":"http:\/\/orguesaintjean60.fr\/?p=460"},"modified":"2020-06-30T15:53:32","modified_gmt":"2020-06-30T14:53:32","slug":"lorgue-de-saint-jean-aux-bois-fait-ecole","status":"publish","type":"post","link":"https:\/\/orguesaintjean60.fr\/index.php\/2015\/12\/29\/lorgue-de-saint-jean-aux-bois-fait-ecole\/","title":{"rendered":"L&rsquo;orgue de Saint-Jean-aux-Bois fait \u00e9cole&#8230;"},"content":{"rendered":"<p style=\"text-align: left;\">Pour la r\u00e9novation de son Centre de Congr\u00e8s, la ville d&rsquo;Angers, en liaison avec la dynamique association r\u00e9gionale du Printemps des Orgues anim\u00e9e par Bruno Maurel,, a dot\u00e9 son auditorium de 1200 places d&rsquo;un orgue inspir\u00e9 par Saint-Jean-aux-Bois.<\/p>\n<p style=\"text-align: left;\">Les grands organistes Fr\u00e9d\u00e9ric Blanc, Thierry Escaich, Fran\u00e7ois-Henri Houbart, Pierre Pincemaille, qui ont soutenu ce projet angevin avaient au pr\u00e9alable qualifi\u00e9 tr\u00e8s positivement l&rsquo;orgue de Saint-Jean-aux-Bois,<\/p>\n<p>L&rsquo;instrument a \u00e9t\u00e9 inaugur\u00e9 par un grand concert en septembre 2019 et l&rsquo;album \u00e9dit\u00e9 pour l&rsquo;\u00e9v\u00e8nement porte la mention suivante:<\/p>\n<p><em>\u00a0\u00bb L&rsquo;association des orgues de Saint-Jean-aux-Bois a jou\u00e9 un r\u00f4le d\u00e9terminant dans la gen\u00e8se du projet d&rsquo;Angers. Disposant d&rsquo;un instrument r\u00e9alis\u00e9 sur les m\u00eames principes, elle a manifest\u00e9 une grande g\u00e9n\u00e9rosit\u00e9 dans sa disponibilit\u00e9 et ses conseils. Une rencontre sur les lieux en pr\u00e9sence du minist\u00e8re de la Culture, de la Ville d&rsquo;Angers et des membres du Printemps des Orgues, a permis de convaincre les repr\u00e9sentants du minist\u00e8re de la qualit\u00e9 de l&rsquo;instrument et de ses potentialit\u00e9s\u00a0\u00bb.<\/em><\/p>\n<p>Pour d\u00e9couvrir ce projet d&rsquo;orgue, dit hybride \u00e0 Angers, appliqu\u00e9 \u00e0 une grande salle de concert, cliquer sur le site:\u00a0 <span style=\"color: #ff6600;\"><a href=\"http:\/\/www.printempsdesorgues.fr\" target=\"_blank\" rel=\"noopener noreferrer\">www.printempsdesorgues.fr<\/a><\/span><\/p>\n","protected":false},"excerpt":{"rendered":"<p>Pour la r\u00e9novation de son Centre de Congr\u00e8s, la ville d&rsquo;Angers, en liaison avec la dynamique association r\u00e9gionale du Printemps des Orgues anim\u00e9e par Bruno Maurel,, a dot\u00e9 son auditorium <a href=\"https:\/\/orguesaintjean60.fr\/index.php\/2015\/12\/29\/lorgue-de-saint-jean-aux-bois-fait-ecole\/\" class=\"more-link\">[&hellip;]<\/a><\/p>\n","protected":false},"author":1,"featured_media":0,"comment_status":"closed","ping_status":"closed","sticky":false,"template":"","format":"status","meta":[],"categories":[7],"tags":[],"_links":{"self":[{"href":"https:\/\/orguesaintjean60.fr\/index.php\/wp-json\/wp\/v2\/posts\/460"}],"collection":[{"href":"https:\/\/orguesaintjean60.fr\/index.php\/wp-json\/wp\/v2\/posts"}],"about":[{"href":"https:\/\/orguesaintjean60.fr\/index.php\/wp-json\/wp\/v2\/types\/post"}],"author":[{"embeddable":true,"href":"https:\/\/orguesaintjean60.fr\/index.php\/wp-json\/wp\/v2\/users\/1"}],"replies":[{"embeddable":true,"href":"https:\/\/orguesaintjean60.fr\/index.php\/wp-json\/wp\/v2\/comments?post=460"}],"version-history":[{"count":13,"href":"https:\/\/orguesaintjean60.fr\/index.php\/wp-json\/wp\/v2\/posts\/460\/revisions"}],"predecessor-version":[{"id":882,"href":"https:\/\/orguesaintjean60.fr\/index.php\/wp-json\/wp\/v2\/posts\/460\/revisions\/882"}],"wp:attachment":[{"href":"https:\/\/orguesaintjean60.fr\/index.php\/wp-json\/wp\/v2\/media?parent=460"}],"wp:term":[{"taxonomy":"category","embeddable":true,"href":"https:\/\/orguesaintjean60.fr\/index.php\/wp-json\/wp\/v2\/categories?post=460"},{"taxonomy":"post_tag","embeddable":true,"href":"https:\/\/orguesaintjean60.fr\/index.php\/wp-json\/wp\/v2\/tags?post=460"}],"curies":[{"name":"wp","href":"https:\/\/api.w.org\/{rel}","templated":true}]}}